{"id":205,"date":"2022-04-26T10:21:46","date_gmt":"2022-04-26T14:21:46","guid":{"rendered":"https:\/\/scfp4296.ca\/wp\/?p=205"},"modified":"2022-05-03T11:22:15","modified_gmt":"2022-05-03T15:22:15","slug":"vacances-entieres-lors-de-la-date-danniversaire-de-naissance-de-votre-retraite","status":"publish","type":"post","link":"https:\/\/scfp4296.ca\/wp\/actualite\/vacances-entieres-lors-de-la-date-danniversaire-de-naissance-de-votre-retraite\/","title":{"rendered":"Droit aux vacances enti\u00e8res lors de la date d&rsquo;anniversaire de naissance \u00e0 votre retraite."},"content":{"rendered":"<p>Dans notre convention \u00e0 l&rsquo;article 5-6.11 (page 85):<\/p>\n<p>\u00a0\u00bbLorsqu&rsquo;une personne salari\u00e9e quitte le centre de services \u00e0 la date de sa retraite, elle a droit aux vacances enti\u00e8res de l&rsquo;ann\u00e9e de sa retraite.\u00a0\u00bb<\/p>\n<p>Afin de pouvoir b\u00e9n\u00e9ficier des vacances enti\u00e8res de l&rsquo;ann\u00e9e de sa retraite, une personne doit prendre sa retraite \u00e0 une date qui co\u00efncide avec l&rsquo;un ou l&rsquo;autre des moments pr\u00e9vus \u00e0 l&rsquo;article 33 de la Loi sur le r\u00e9gime de retraite des employ\u00e9s du gouvernement et des organismes publics, \u00e0 savoir:<\/p>\n<p>Prendre sa retraite:<\/p>\n<ul>\n<li>La journ\u00e9e de votre date d&rsquo;anniversaire de naissance de 55 ans d&rsquo;\u00e2ge (pr\u00e9voir r\u00e9duction sur la pension); OU<\/li>\n<li>La journ\u00e9e de votre date d&rsquo;anniversaire de naissance de 61 ans d&rsquo;\u00e2ge; OU<\/li>\n<li>La journ\u00e9e de votre date d&rsquo;anniversaire de naissance de 65 ans d&rsquo;\u00e2ge;<\/li>\n<\/ul>\n<p>et une deuxi\u00e8me option s&rsquo;applique:<\/p>\n<ul>\n<li>Lors de l&rsquo;ann\u00e9e ou vous avez atteint 35 ann\u00e9es de service, il faut prendre sa retraite la journ\u00e9e ou vous avez atteint votre 35 ans de service, si vous \u00eates \u00e2g\u00e9 d&rsquo;au moins 60 ans.<\/li>\n<\/ul>\n<p>&nbsp;<\/p>\n<p>Bonne retraite<\/p>\n<p>Le SCFP4296<\/p>\n<p>&nbsp;<\/p>\n","protected":false},"excerpt":{"rendered":"<p>Dans notre convention \u00e0 l&rsquo;article 5-6.11 (page 85): \u00a0\u00bbLorsqu&rsquo;une personne salari\u00e9e quitte le centre de services \u00e0 la date de sa retraite, elle a droit aux vacances enti\u00e8res de l&rsquo;ann\u00e9e [&hellip;]<\/p>\n","protected":false},"author":4,"featured_media":0,"comment_status":"closed","ping_status":"closed","sticky":false,"template":"","format":"standard","meta":{"footnotes":""},"categories":[5],"tags":[],"class_list":["post-205","post","type-post","status-publish","format-standard","hentry","category-actualite"],"_links":{"self":[{"href":"https:\/\/scfp4296.ca\/wp\/wp-json\/wp\/v2\/posts\/205","targetHints":{"allow":["GET"]}}],"collection":[{"href":"https:\/\/scfp4296.ca\/wp\/wp-json\/wp\/v2\/posts"}],"about":[{"href":"https:\/\/scfp4296.ca\/wp\/wp-json\/wp\/v2\/types\/post"}],"author":[{"embeddable":true,"href":"https:\/\/scfp4296.ca\/wp\/wp-json\/wp\/v2\/users\/4"}],"replies":[{"embeddable":true,"href":"https:\/\/scfp4296.ca\/wp\/wp-json\/wp\/v2\/comments?post=205"}],"version-history":[{"count":8,"href":"https:\/\/scfp4296.ca\/wp\/wp-json\/wp\/v2\/posts\/205\/revisions"}],"predecessor-version":[{"id":219,"href":"https:\/\/scfp4296.ca\/wp\/wp-json\/wp\/v2\/posts\/205\/revisions\/219"}],"wp:attachment":[{"href":"https:\/\/scfp4296.ca\/wp\/wp-json\/wp\/v2\/media?parent=205"}],"wp:term":[{"taxonomy":"category","embeddable":true,"href":"https:\/\/scfp4296.ca\/wp\/wp-json\/wp\/v2\/categories?post=205"},{"taxonomy":"post_tag","embeddable":true,"href":"https:\/\/scfp4296.ca\/wp\/wp-json\/wp\/v2\/tags?post=205"}],"curies":[{"name":"wp","href":"https:\/\/api.w.org\/{rel}","templated":true}]}}